{"id":12874,"date":"2024-10-30T17:48:08","date_gmt":"2024-10-30T23:48:08","guid":{"rendered":"https:\/\/lapistaciclabili.it\/?p=12874"},"modified":"2024-10-30T17:48:10","modified_gmt":"2024-10-30T23:48:10","slug":"ciclovias-en-la-cdmx-aumentaran-al-doble-en-2030","status":"publish","type":"post","link":"https:\/\/lapistaciclabili.it\/es\/blog\/ciclovias-en-la-cdmx-aumentaran-al-doble-en-2030\/","title":{"rendered":"Ciclov\u00edas en la CDMX aumentar\u00e1n al doble en 2030"},"content":{"rendered":"\n<p>Grandes y buenas noticias para todos, pues se ha informado que una de las metas del Gobierno de la Ciudad de M\u00e9xico (CDMX) en materia de movilidad, es que las ciclov\u00edas en la CDMX aumenten al doble para el a\u00f1o 2030.<\/p>\n\n\n\n<p>Lo anterior, luego de se diera a conocer que la gubernatura actual, se puso como meta aumentar en un 240% la construcci\u00f3n de <a href=\"https:\/\/lapistaciclabili.it\/blog\/ciclovias-en-cdmx-mas-bonitas-para-rodar-las-conoces\/\">ciclopistas entre las 16 alcald\u00edas<\/a> que conforman la metr\u00f3poli.<\/p>\n\n\n\n<p>El proyecto forma parte del <a href=\"https:\/\/www.enelgreenpower.com\/es\/learning-hub\/desarrollo-sostenible\/economia-circular\">Programa de Econom\u00eda Circular<\/a>, elaborado por la Secretar\u00eda del Medio Ambiente (Sedema) en la administraci\u00f3n pasada. Con la intenci\u00f3n de cuidar el medio ambiente, este tiene como finalidad incentivar el transporte p\u00fablico y privado sustentable; para ello, se requiere implementar proyectos integrales que mitiguen los gases de efecto invernadero.<\/p>\n\n\n\n<p>Por supuesto, dentro de los diferentes transportes y la <a href=\"https:\/\/lapistaciclabili.it\/blog\/transporte-sustentable-que-es-y-cual-te-conviene-usar\/\">movilidad sustentable<\/a>, la bicicleta es el mejor de ellos -s\u00f3lo detr\u00e1s del caminar-, por ello, es l\u00f3gico que entre dichos proyectos integrales se contemple la expansi\u00f3n de las ciclov\u00edas en la CDMX.<\/p>\n\n\n\n<p>Actualmente, la capital cuenta con 450 km de esta infraestructura ciclista, pero, seg\u00fan dicho documento -que ya est\u00e1 publicado en la Gaceta capitalina-, dentro de seis a\u00f1os se habr\u00e1n implementado 1,547.12 kil\u00f3metros de carriles exclusivos para ciclistas.<\/p>\n\n\n\n<p>Independientemente de esto, la jefa de Gobierno, Clara Brugada, se comprometi\u00f3 a construir 300 km m\u00e1s de los ya mencionados.<\/p>\n\n\n\n<figure class=\"wp-block-image size-large\"><img fetchpriority=\"high\" decoding=\"async\" width=\"1024\" height=\"768\" src=\"https:\/\/lapistaciclabili.it\/wp-content\/uploads\/2024\/10\/ciclovias-en-la-cdmx1-1024x768.webp\" alt=\"\" class=\"wp-image-12885\" srcset=\"https:\/\/lapistaciclabili.it\/wp-content\/uploads\/2024\/10\/ciclovias-en-la-cdmx1-1024x768.webp 1024w, https:\/\/lapistaciclabili.it\/wp-content\/uploads\/2024\/10\/ciclovias-en-la-cdmx1-300x225.webp 300w, https:\/\/lapistaciclabili.it\/wp-content\/uploads\/2024\/10\/ciclovias-en-la-cdmx1-768x576.webp 768w, https:\/\/lapistaciclabili.it\/wp-content\/uploads\/2024\/10\/ciclovias-en-la-cdmx1-600x450.webp 600w, https:\/\/lapistaciclabili.it\/wp-content\/uploads\/2024\/10\/ciclovias-en-la-cdmx1.webp 1280w\" sizes=\"(max-width: 1024px) 100vw, 1024px\" \/><\/figure>\n\n\n\n<h2 class=\"wp-block-heading\" id=\"h-alcaldias-tienen-facultades-para-implementar-mas-ciclovias-en-la-cdmx\">Alcald\u00edas tienen facultades para implementar m\u00e1s ciclov\u00edas en la CDMX<\/h2>\n\n\n\n<p>Con la promesa de Brugada, se tendr\u00eda un total de 750 km de ciclopistas, por lo que todav\u00eda se requerir\u00eda la construcci\u00f3n de poco menos de 800 kil\u00f3metros de estos carriles.<\/p>\n\n\n\n<p>La anterior parece una meta bastante dif\u00edcil, sin embargo, no es imposible si, como conf\u00edan las autoridades, cada alcald\u00eda contribuye a ello; pues independientemente del programa elaborado por la Sedema, las demarcaciones pueden implementar ciclov\u00edas por su cuenta.<\/p>\n\n\n\n<p>Por ejemplo, Alessandra Rojo de la Vega, alcaldesa de Cuauht\u00e9moc, adelant\u00f3 que su administraci\u00f3n implementar\u00e1 20.6 kil\u00f3metros de ciclov\u00edas en su demarcaci\u00f3n, as\u00ed como bici escuelas y biciestacionamientos.<\/p>\n\n\n\n<p>Asimismo, el alcalde de Miguel Hidalgo, Mauricio Tabe, ya trabaja en un plan para la proyecci\u00f3n de estas v\u00edas, al igual que el mantenimiento de la infraestructura ya existente.<\/p>\n\n\n\n<p>Hasta el 2024, las 11 de las 16 alcald\u00edas de la capital que cuentan con infraestructura ciclista son: Gustavo A. Madero, Cuauht\u00e9moc, Benito Ju\u00e1rez, Miguel Hidalgo, \u00c1lvaro Obreg\u00f3n, Iztapalapa, Azcapotzalco, Xochimilco, Tl\u00e1huac, Iztacalco y Venustiano Carranza.<\/p>\n\n\n\n<p>Con todo esto, se espera que las ciclov\u00edas en la CDMX aumenten al doble para el a\u00f1o 2030.<\/p>\n\n\n\n<p>Por otro lado, recordemos que la creaci\u00f3n de carriles ciclistas no se trata \u00fanicamente de crear y confinar estas pistas en cualquier lugar. Por el contrario, las ciclov\u00edas deben ser funcionales para la ciudadan\u00eda, interconectando con otros transportes p\u00fablicos y otros sitios de inter\u00e9s y beneficio para sus usuarios.<\/p>\n\n\n\n<figure class=\"wp-block-image size-large\"><img decoding=\"async\" width=\"1024\" height=\"768\" src=\"https:\/\/lapistaciclabili.it\/wp-content\/uploads\/2024\/10\/ciclovias-en-la-cdmx2-1024x768.webp\" alt=\"ciclov\u00edas en la cdmx\" class=\"wp-image-12883\" srcset=\"https:\/\/lapistaciclabili.it\/wp-content\/uploads\/2024\/10\/ciclovias-en-la-cdmx2-1024x768.webp 1024w, https:\/\/lapistaciclabili.it\/wp-content\/uploads\/2024\/10\/ciclovias-en-la-cdmx2-300x225.webp 300w, https:\/\/lapistaciclabili.it\/wp-content\/uploads\/2024\/10\/ciclovias-en-la-cdmx2-768x576.webp 768w, https:\/\/lapistaciclabili.it\/wp-content\/uploads\/2024\/10\/ciclovias-en-la-cdmx2-600x450.webp 600w, https:\/\/lapistaciclabili.it\/wp-content\/uploads\/2024\/10\/ciclovias-en-la-cdmx2.webp 1280w\" sizes=\"(max-width: 1024px) 100vw, 1024px\" \/><\/figure>\n","protected":false},"excerpt":{"rendered":"<p>Grandes y buenas noticias para todos, pues se ha informado que una de las metas del Gobierno de la Ciudad de M\u00e9xico (CDMX) en materia de movilidad, es que las ciclov\u00edas en la CDMX aumenten al doble para el a\u00f1o 2030. Lo anterior, luego de se diera a conocer que la gubernatura actual, se puso [&hellip;]<\/p>\n","protected":false},"author":3,"featured_media":12881,"comment_status":"open","ping_status":"open","sticky":false,"template":"","format":"standard","meta":{"footnotes":""},"categories":[45],"tags":[],"class_list":["post-12874","post","type-post","status-publish","format-standard","has-post-thumbnail","hentry","category-blog"],"yoast_head":"<!-- This site is optimized with the Yoast SEO Premium plugin v22.3 (Yoast SEO v23.0) - https:\/\/yoast.com\/wordpress\/plugins\/seo\/ -->\n<title>Ciclov\u00edas en la CDMX aumentar\u00e1n al doble en 2030 - lapistaciclabili.it<\/title>\n<meta name=\"description\" content=\"Autoridades capitalinas se han fijado el a\u00f1o 2030 como meta para expandir al doble las ciclov\u00edas en la CDMX. Conoce todos los detalles\" \/>\n<meta name=\"robots\" content=\"index, follow, max-snippet:-1, max-image-preview:large, max-video-preview:-1\" \/>\n<link rel=\"canonical\" href=\"https:\/\/lapistaciclabili.it\/es\/blog\/ciclovias-en-la-cdmx-aumentaran-al-doble-en-2030\/\" \/>\n<meta property=\"og:locale\" content=\"es_ES\" \/>\n<meta property=\"og:type\" content=\"article\" \/>\n<meta property=\"og:title\" content=\"Ciclov\u00edas en la CDMX aumentar\u00e1n al doble en 2030\" \/>\n<meta property=\"og:description\" content=\"Autoridades capitalinas se han fijado el a\u00f1o 2030 como meta para expandir al doble las ciclov\u00edas en la CDMX. Conoce todos los detalles\" \/>\n<meta property=\"og:url\" content=\"https:\/\/lapistaciclabili.it\/blog\/ciclovias-en-la-cdmx-aumentaran-al-doble-en-2030\/\" \/>\n<meta property=\"og:site_name\" content=\"lapistaciclabili.it\" \/>\n<meta property=\"article:publisher\" content=\"https:\/\/www.facebook.com\/multisenal\/\" \/>\n<meta property=\"article:published_time\" content=\"2024-10-30T23:48:08+00:00\" \/>\n<meta property=\"article:modified_time\" content=\"2024-10-30T23:48:10+00:00\" \/>\n<meta property=\"og:image\" content=\"https:\/\/lapistaciclabili.it\/wp-content\/uploads\/2024\/10\/cicloinvertir.webp\" \/>\n\t<meta property=\"og:image:width\" content=\"1600\" \/>\n\t<meta property=\"og:image:height\" content=\"1066\" \/>\n\t<meta property=\"og:image:type\" content=\"image\/webp\" \/>\n<meta name=\"author\" content=\"Israel Yerena\" \/>\n<meta name=\"twitter:card\" content=\"summary_large_image\" \/>\n<meta name=\"twitter:creator\" content=\"@multisenal\" \/>\n<meta name=\"twitter:site\" content=\"@multisenal\" \/>\n<meta name=\"twitter:label1\" content=\"Escrito por\" \/>\n\t<meta name=\"twitter:data1\" content=\"Israel Yerena\" \/>\n\t<meta name=\"twitter:label2\" content=\"Tiempo de lectura\" \/>\n\t<meta name=\"twitter:data2\" content=\"3 minutos\" \/>\n<script type=\"application\/ld+json\" class=\"yoast-schema-graph\">{\"@context\":\"https:\/\/schema.org\",\"@graph\":[{\"@type\":\"Article\",\"@id\":\"https:\/\/lapistaciclabili.it\/blog\/ciclovias-en-la-cdmx-aumentaran-al-doble-en-2030\/#article\",\"isPartOf\":{\"@id\":\"https:\/\/lapistaciclabili.it\/blog\/ciclovias-en-la-cdmx-aumentaran-al-doble-en-2030\/\"},\"author\":{\"name\":\"Israel Yerena\",\"@id\":\"https:\/\/lapistaciclabili.it\/#\/schema\/person\/5640346049504e12f9d2f0978481f526\"},\"headline\":\"Ciclov\u00edas en la CDMX aumentar\u00e1n al doble en 2030\",\"datePublished\":\"2024-10-30T23:48:08+00:00\",\"dateModified\":\"2024-10-30T23:48:10+00:00\",\"mainEntityOfPage\":{\"@id\":\"https:\/\/lapistaciclabili.it\/blog\/ciclovias-en-la-cdmx-aumentaran-al-doble-en-2030\/\"},\"wordCount\":513,\"commentCount\":0,\"publisher\":{\"@id\":\"https:\/\/lapistaciclabili.it\/#organization\"},\"image\":{\"@id\":\"https:\/\/lapistaciclabili.it\/blog\/ciclovias-en-la-cdmx-aumentaran-al-doble-en-2030\/#primaryimage\"},\"thumbnailUrl\":\"https:\/\/lapistaciclabili.it\/wp-content\/uploads\/2024\/10\/cicloinvertir.webp\",\"articleSection\":[\"Blog\"],\"inLanguage\":\"es\",\"potentialAction\":[{\"@type\":\"CommentAction\",\"name\":\"Comment\",\"target\":[\"https:\/\/lapistaciclabili.it\/blog\/ciclovias-en-la-cdmx-aumentaran-al-doble-en-2030\/#respond\"]}]},{\"@type\":\"WebPage\",\"@id\":\"https:\/\/lapistaciclabili.it\/blog\/ciclovias-en-la-cdmx-aumentaran-al-doble-en-2030\/\",\"url\":\"https:\/\/lapistaciclabili.it\/blog\/ciclovias-en-la-cdmx-aumentaran-al-doble-en-2030\/\",\"name\":\"Ciclov\u00edas en la CDMX aumentar\u00e1n al doble en 2030 - lapistaciclabili.it\",\"isPartOf\":{\"@id\":\"https:\/\/lapistaciclabili.it\/#website\"},\"primaryImageOfPage\":{\"@id\":\"https:\/\/lapistaciclabili.it\/blog\/ciclovias-en-la-cdmx-aumentaran-al-doble-en-2030\/#primaryimage\"},\"image\":{\"@id\":\"https:\/\/lapistaciclabili.it\/blog\/ciclovias-en-la-cdmx-aumentaran-al-doble-en-2030\/#primaryimage\"},\"thumbnailUrl\":\"https:\/\/lapistaciclabili.it\/wp-content\/uploads\/2024\/10\/cicloinvertir.webp\",\"datePublished\":\"2024-10-30T23:48:08+00:00\",\"dateModified\":\"2024-10-30T23:48:10+00:00\",\"description\":\"Autoridades capitalinas se han fijado el a\u00f1o 2030 como meta para expandir al doble las ciclov\u00edas en la CDMX. Conoce todos los detalles\",\"breadcrumb\":{\"@id\":\"https:\/\/lapistaciclabili.it\/blog\/ciclovias-en-la-cdmx-aumentaran-al-doble-en-2030\/#breadcrumb\"},\"inLanguage\":\"es\",\"potentialAction\":[{\"@type\":\"ReadAction\",\"target\":[\"https:\/\/lapistaciclabili.it\/blog\/ciclovias-en-la-cdmx-aumentaran-al-doble-en-2030\/\"]}]},{\"@type\":\"ImageObject\",\"inLanguage\":\"es\",\"@id\":\"https:\/\/lapistaciclabili.it\/blog\/ciclovias-en-la-cdmx-aumentaran-al-doble-en-2030\/#primaryimage\",\"url\":\"https:\/\/lapistaciclabili.it\/wp-content\/uploads\/2024\/10\/cicloinvertir.webp\",\"contentUrl\":\"https:\/\/lapistaciclabili.it\/wp-content\/uploads\/2024\/10\/cicloinvertir.webp\",\"width\":1600,\"height\":1066,\"caption\":\"ciclov\u00edas en la CDMX\"},{\"@type\":\"BreadcrumbList\",\"@id\":\"https:\/\/lapistaciclabili.it\/blog\/ciclovias-en-la-cdmx-aumentaran-al-doble-en-2030\/#breadcrumb\",\"itemListElement\":[{\"@type\":\"ListItem\",\"position\":1,\"name\":\"Inicio\",\"item\":\"https:\/\/lapistaciclabili.it\/\"},{\"@type\":\"ListItem\",\"position\":2,\"name\":\"Ciclov\u00edas en la CDMX aumentar\u00e1n al doble en 2030\"}]},{\"@type\":\"WebSite\",\"@id\":\"https:\/\/lapistaciclabili.it\/#website\",\"url\":\"https:\/\/lapistaciclabili.it\/\",\"name\":\"lapistaciclabili.it\",\"description\":\"\",\"publisher\":{\"@id\":\"https:\/\/lapistaciclabili.it\/#organization\"},\"potentialAction\":[{\"@type\":\"SearchAction\",\"target\":{\"@type\":\"EntryPoint\",\"urlTemplate\":\"https:\/\/lapistaciclabili.it\/?s={search_term_string}\"},\"query-input\":\"required name=search_term_string\"}],\"inLanguage\":\"es\"},{\"@type\":\"Organization\",\"@id\":\"https:\/\/lapistaciclabili.it\/#organization\",\"name\":\"lapistaciclabili.it\",\"url\":\"https:\/\/lapistaciclabili.it\/\",\"logo\":{\"@type\":\"ImageObject\",\"inLanguage\":\"es\",\"@id\":\"https:\/\/lapistaciclabili.it\/#\/schema\/logo\/image\/\",\"url\":\"https:\/\/lapistaciclabili.it\/wp-content\/uploads\/2024\/06\/lapistaciclabili.it_-1.png\",\"contentUrl\":\"https:\/\/lapistaciclabili.it\/wp-content\/uploads\/2024\/06\/lapistaciclabili.it_-1.png\",\"width\":768,\"height\":220,\"caption\":\"lapistaciclabili.it\"},\"image\":{\"@id\":\"https:\/\/lapistaciclabili.it\/#\/schema\/logo\/image\/\"},\"sameAs\":[\"https:\/\/www.facebook.com\/multisenal\/\",\"https:\/\/x.com\/multisenal\",\"https:\/\/www.instagram.com\/multisenalmx\/\",\"https:\/\/www.linkedin.com\/company\/multisenalmexico\/\",\"https:\/\/www.youtube.com\/@multisenaloficial\"]},{\"@type\":\"Person\",\"@id\":\"https:\/\/lapistaciclabili.it\/#\/schema\/person\/5640346049504e12f9d2f0978481f526\",\"name\":\"Israel Yerena\",\"image\":{\"@type\":\"ImageObject\",\"inLanguage\":\"es\",\"@id\":\"https:\/\/lapistaciclabili.it\/#\/schema\/person\/image\/\",\"url\":\"https:\/\/secure.gravatar.com\/avatar\/6123a9a6c00993aa1894d888a3038e080711d0144cd7e134f1e7c61f30bd670d?s=96&d=mm&r=g\",\"contentUrl\":\"https:\/\/secure.gravatar.com\/avatar\/6123a9a6c00993aa1894d888a3038e080711d0144cd7e134f1e7c61f30bd670d?s=96&d=mm&r=g\",\"caption\":\"Israel Yerena\"},\"url\":\"https:\/\/lapistaciclabili.it\/es\/author\/israel-ms\/\"}]}<\/script>\n<!-- \/ Yoast SEO Premium plugin. -->","yoast_head_json":{"title":"Ciclov\u00edas en la CDMX aumentar\u00e1n al doble en 2030 - lapistaciclabili.it","description":"Autoridades capitalinas se han fijado el a\u00f1o 2030 como meta para expandir al doble las ciclov\u00edas en la CDMX. Conoce todos los detalles","robots":{"index":"index","follow":"follow","max-snippet":"max-snippet:-1","max-image-preview":"max-image-preview:large","max-video-preview":"max-video-preview:-1"},"canonical":"https:\/\/lapistaciclabili.it\/es\/blog\/ciclovias-en-la-cdmx-aumentaran-al-doble-en-2030\/","og_locale":"es_ES","og_type":"article","og_title":"Ciclov\u00edas en la CDMX aumentar\u00e1n al doble en 2030","og_description":"Autoridades capitalinas se han fijado el a\u00f1o 2030 como meta para expandir al doble las ciclov\u00edas en la CDMX. Conoce todos los detalles","og_url":"https:\/\/lapistaciclabili.it\/blog\/ciclovias-en-la-cdmx-aumentaran-al-doble-en-2030\/","og_site_name":"lapistaciclabili.it","article_publisher":"https:\/\/www.facebook.com\/multisenal\/","article_published_time":"2024-10-30T23:48:08+00:00","article_modified_time":"2024-10-30T23:48:10+00:00","og_image":[{"width":1600,"height":1066,"url":"https:\/\/lapistaciclabili.it\/wp-content\/uploads\/2024\/10\/cicloinvertir.webp","type":"image\/webp"}],"author":"Israel Yerena","twitter_card":"summary_large_image","twitter_creator":"@multisenal","twitter_site":"@multisenal","twitter_misc":{"Escrito por":"Israel Yerena","Tiempo de lectura":"3 minutos"},"schema":{"@context":"https:\/\/schema.org","@graph":[{"@type":"Article","@id":"https:\/\/lapistaciclabili.it\/blog\/ciclovias-en-la-cdmx-aumentaran-al-doble-en-2030\/#article","isPartOf":{"@id":"https:\/\/lapistaciclabili.it\/blog\/ciclovias-en-la-cdmx-aumentaran-al-doble-en-2030\/"},"author":{"name":"Israel Yerena","@id":"https:\/\/lapistaciclabili.it\/#\/schema\/person\/5640346049504e12f9d2f0978481f526"},"headline":"Ciclov\u00edas en la CDMX aumentar\u00e1n al doble en 2030","datePublished":"2024-10-30T23:48:08+00:00","dateModified":"2024-10-30T23:48:10+00:00","mainEntityOfPage":{"@id":"https:\/\/lapistaciclabili.it\/blog\/ciclovias-en-la-cdmx-aumentaran-al-doble-en-2030\/"},"wordCount":513,"commentCount":0,"publisher":{"@id":"https:\/\/lapistaciclabili.it\/#organization"},"image":{"@id":"https:\/\/lapistaciclabili.it\/blog\/ciclovias-en-la-cdmx-aumentaran-al-doble-en-2030\/#primaryimage"},"thumbnailUrl":"https:\/\/lapistaciclabili.it\/wp-content\/uploads\/2024\/10\/cicloinvertir.webp","articleSection":["Blog"],"inLanguage":"es","potentialAction":[{"@type":"CommentAction","name":"Comment","target":["https:\/\/lapistaciclabili.it\/blog\/ciclovias-en-la-cdmx-aumentaran-al-doble-en-2030\/#respond"]}]},{"@type":"WebPage","@id":"https:\/\/lapistaciclabili.it\/blog\/ciclovias-en-la-cdmx-aumentaran-al-doble-en-2030\/","url":"https:\/\/lapistaciclabili.it\/blog\/ciclovias-en-la-cdmx-aumentaran-al-doble-en-2030\/","name":"Ciclov\u00edas en la CDMX aumentar\u00e1n al doble en 2030 - lapistaciclabili.it","isPartOf":{"@id":"https:\/\/lapistaciclabili.it\/#website"},"primaryImageOfPage":{"@id":"https:\/\/lapistaciclabili.it\/blog\/ciclovias-en-la-cdmx-aumentaran-al-doble-en-2030\/#primaryimage"},"image":{"@id":"https:\/\/lapistaciclabili.it\/blog\/ciclovias-en-la-cdmx-aumentaran-al-doble-en-2030\/#primaryimage"},"thumbnailUrl":"https:\/\/lapistaciclabili.it\/wp-content\/uploads\/2024\/10\/cicloinvertir.webp","datePublished":"2024-10-30T23:48:08+00:00","dateModified":"2024-10-30T23:48:10+00:00","description":"Autoridades capitalinas se han fijado el a\u00f1o 2030 como meta para expandir al doble las ciclov\u00edas en la CDMX. Conoce todos los detalles","breadcrumb":{"@id":"https:\/\/lapistaciclabili.it\/blog\/ciclovias-en-la-cdmx-aumentaran-al-doble-en-2030\/#breadcrumb"},"inLanguage":"es","potentialAction":[{"@type":"ReadAction","target":["https:\/\/lapistaciclabili.it\/blog\/ciclovias-en-la-cdmx-aumentaran-al-doble-en-2030\/"]}]},{"@type":"ImageObject","inLanguage":"es","@id":"https:\/\/lapistaciclabili.it\/blog\/ciclovias-en-la-cdmx-aumentaran-al-doble-en-2030\/#primaryimage","url":"https:\/\/lapistaciclabili.it\/wp-content\/uploads\/2024\/10\/cicloinvertir.webp","contentUrl":"https:\/\/lapistaciclabili.it\/wp-content\/uploads\/2024\/10\/cicloinvertir.webp","width":1600,"height":1066,"caption":"ciclov\u00edas en la CDMX"},{"@type":"BreadcrumbList","@id":"https:\/\/lapistaciclabili.it\/blog\/ciclovias-en-la-cdmx-aumentaran-al-doble-en-2030\/#breadcrumb","itemListElement":[{"@type":"ListItem","position":1,"name":"Inicio","item":"https:\/\/lapistaciclabili.it\/"},{"@type":"ListItem","position":2,"name":"Ciclov\u00edas en la CDMX aumentar\u00e1n al doble en 2030"}]},{"@type":"WebSite","@id":"https:\/\/lapistaciclabili.it\/#website","url":"https:\/\/lapistaciclabili.it\/","name":"lapistaciclabili.it","description":"","publisher":{"@id":"https:\/\/lapistaciclabili.it\/#organization"},"potentialAction":[{"@type":"SearchAction","target":{"@type":"EntryPoint","urlTemplate":"https:\/\/lapistaciclabili.it\/?s={search_term_string}"},"query-input":"required name=search_term_string"}],"inLanguage":"es"},{"@type":"Organization","@id":"https:\/\/lapistaciclabili.it\/#organization","name":"lapistaciclabili.it","url":"https:\/\/lapistaciclabili.it\/","logo":{"@type":"ImageObject","inLanguage":"es","@id":"https:\/\/lapistaciclabili.it\/#\/schema\/logo\/image\/","url":"https:\/\/lapistaciclabili.it\/wp-content\/uploads\/2024\/06\/lapistaciclabili.it_-1.png","contentUrl":"https:\/\/lapistaciclabili.it\/wp-content\/uploads\/2024\/06\/lapistaciclabili.it_-1.png","width":768,"height":220,"caption":"lapistaciclabili.it"},"image":{"@id":"https:\/\/lapistaciclabili.it\/#\/schema\/logo\/image\/"},"sameAs":["https:\/\/www.facebook.com\/multisenal\/","https:\/\/x.com\/multisenal","https:\/\/www.instagram.com\/multisenalmx\/","https:\/\/www.linkedin.com\/company\/multisenalmexico\/","https:\/\/www.youtube.com\/@multisenaloficial"]},{"@type":"Person","@id":"https:\/\/lapistaciclabili.it\/#\/schema\/person\/5640346049504e12f9d2f0978481f526","name":"Israel Yerena","image":{"@type":"ImageObject","inLanguage":"es","@id":"https:\/\/lapistaciclabili.it\/#\/schema\/person\/image\/","url":"https:\/\/secure.gravatar.com\/avatar\/6123a9a6c00993aa1894d888a3038e080711d0144cd7e134f1e7c61f30bd670d?s=96&d=mm&r=g","contentUrl":"https:\/\/secure.gravatar.com\/avatar\/6123a9a6c00993aa1894d888a3038e080711d0144cd7e134f1e7c61f30bd670d?s=96&d=mm&r=g","caption":"Israel Yerena"},"url":"https:\/\/lapistaciclabili.it\/es\/author\/israel-ms\/"}]}},"_links":{"self":[{"href":"https:\/\/lapistaciclabili.it\/es\/wp-json\/wp\/v2\/posts\/12874","targetHints":{"allow":["GET"]}}],"collection":[{"href":"https:\/\/lapistaciclabili.it\/es\/wp-json\/wp\/v2\/posts"}],"about":[{"href":"https:\/\/lapistaciclabili.it\/es\/wp-json\/wp\/v2\/types\/post"}],"author":[{"embeddable":true,"href":"https:\/\/lapistaciclabili.it\/es\/wp-json\/wp\/v2\/users\/3"}],"replies":[{"embeddable":true,"href":"https:\/\/lapistaciclabili.it\/es\/wp-json\/wp\/v2\/comments?post=12874"}],"version-history":[{"count":2,"href":"https:\/\/lapistaciclabili.it\/es\/wp-json\/wp\/v2\/posts\/12874\/revisions"}],"predecessor-version":[{"id":12887,"href":"https:\/\/lapistaciclabili.it\/es\/wp-json\/wp\/v2\/posts\/12874\/revisions\/12887"}],"wp:featuredmedia":[{"embeddable":true,"href":"https:\/\/lapistaciclabili.it\/es\/wp-json\/wp\/v2\/media\/12881"}],"wp:attachment":[{"href":"https:\/\/lapistaciclabili.it\/es\/wp-json\/wp\/v2\/media?parent=12874"}],"wp:term":[{"taxonomy":"category","embeddable":true,"href":"https:\/\/lapistaciclabili.it\/es\/wp-json\/wp\/v2\/categories?post=12874"},{"taxonomy":"post_tag","embeddable":true,"href":"https:\/\/lapistaciclabili.it\/es\/wp-json\/wp\/v2\/tags?post=12874"}],"curies":[{"name":"wp","href":"https:\/\/api.w.org\/{rel}","templated":true}]}}