{"id":12513,"date":"2024-09-20T17:36:13","date_gmt":"2024-09-20T23:36:13","guid":{"rendered":"https:\/\/lapistaciclabili.it\/?p=12513"},"modified":"2024-09-23T13:24:17","modified_gmt":"2024-09-23T19:24:17","slug":"ciclopistas-en-puebla-terminan-el-sexenio-con-30-km-nuevos","status":"publish","type":"post","link":"https:\/\/lapistaciclabili.it\/es\/blog\/ciclopistas-en-puebla-terminan-el-sexenio-con-30-km-nuevos\/","title":{"rendered":"Ciclopistas en Puebla terminan el sexenio con 30 km nuevos"},"content":{"rendered":"\n<p>Aunque los poblanos han tenido un entorno pol\u00edtico demasiado ca\u00f3tico desde 2018, afortunadamente, estos \u00faltimos meses han sido bastante buenos para las ciclopistas en Puebla.<\/p>\n\n\n\n<p>Por un lado, se crearon nuevos programas que benefician al turismo. De igual manera, se remodel\u00f3 una importante infraestructura ciclista y, m\u00e1s importante a\u00fan, se crearon nuevos kil\u00f3metros de ciclov\u00edas.<\/p>\n\n\n\n<h2 class=\"wp-block-heading\">M\u00e1s kil\u00f3metros para las ciclopistas en Puebla<\/h2>\n\n\n\n<p>Ad\u00e1n Dom\u00ednguez S\u00e1nchez, presidente municipal, se\u00f1al\u00f3 que el actual Ayuntamiento de Puebla construy\u00f3 30 kil\u00f3metros nuevos de ciclopistas en Puebla capital.<\/p>\n\n\n\n<p>Tambi\u00e9n destac\u00f3 que, en la actual administraci\u00f3n, se les dio servicio a 160 kil\u00f3metros de infraestructura ciclista ya existente. Hizo \u00e9nfasis en que, tan solo en lo que va del 2024, se les dio mantenimiento a 10.1 de estos kil\u00f3metros.<\/p>\n\n\n\n<p>En cuanto a la se\u00f1alizaci\u00f3n vertical, el edil destac\u00f3 que el Ayuntamiento poblano utiliz\u00f3 pintura termopl\u00e1stica para pintar 10 mil 116 metros de rayas separadoras de carriles en las ciclopistas. Adem\u00e1s, colocaron pictogramas y se\u00f1al\u00e9ticas de \u201cSolo Bici\u201d.<\/p>\n\n\n\n<p>El edil tambi\u00e9n coment\u00f3 que instalaron rayas de cruce ciclista en m\u00e1s de 1,896 metros de la infraestructura ciclista. Asimismo, se instalaron 540 segregadores trapezoidales (confibicis).<\/p>\n\n\n\n<h3 class=\"wp-block-heading\" id=\"h-nuevos-programas\">Nuevos programas<\/h3>\n\n\n\n<p>Uno de los nuevos y \u00faltimos programas ciclistas que se implementaron durante la actual administraci\u00f3n, fue el del pr\u00e9stamo gratuito de bicis para turistas.<\/p>\n\n\n\n<p>Dicha iniciativa const\u00f3 en prestar, en comodato, 30 bicicletas a diversos hoteles del centro de Pueblo. La intenci\u00f3n es que estos recintos las presten gratuitamente a sus hu\u00e9spedes; de esta manera, podr\u00e1n recorrer las ciclopistas en Puebla y otros atractivos.<\/p>\n\n\n\n<p>Sin embargo, cabe destacar que, <a href=\"https:\/\/lapistaciclabili.it\/blog\/habra-servicio-gratuito-de-prestamos-de-bicis-en-hoteles-de-puebla\/\">dicho programa<\/a>, solo permanecer\u00e1 activo durante el resto de esta administraci\u00f3n. Depender\u00e1 de la siguiente mantener esta propuesta.<\/p>\n\n\n\n<p>Los hoteles beneficiados hasta el momento son: Hotel Colonial de Puebla, Hotel Marqu\u00e9s del \u00c1ngel, Hotel Loa Inn Puebla, Hotel Casona 65 y Hotel NH, todos ubicados en el primer cuadro de la ciudad.<\/p>\n\n\n\n<h3 class=\"wp-block-heading\">Remodelaci\u00f3n de infraestructura<\/h3>\n\n\n\n<p>La infraestructura ciclista que recibi\u00f3 mayor beneficio fue la <a href=\"https:\/\/lapistaciclabili.it\/blog\/ciclopista-hermanos-serdan-por-fin-rehabilitada\/\">ciclopista Hermanos Serd\u00e1n<\/a>. Esta fue inaugurada en 2017, pero recibi\u00f3 su primera remodelaci\u00f3n apenas este a\u00f1o.<\/p>\n\n\n\n<p>En total, se invirtieron 47 millones de pesos para su mantenimiento, con lo que se logr\u00f3 restaurar los 5.56 kil\u00f3metros totales que conforman la ciclopista.<\/p>\n","protected":false},"excerpt":{"rendered":"<p>Aunque los poblanos han tenido un entorno pol\u00edtico demasiado ca\u00f3tico desde 2018, afortunadamente, estos \u00faltimos meses han sido bastante buenos para las ciclopistas en Puebla. Por un lado, se crearon nuevos programas que benefician al turismo. De igual manera, se remodel\u00f3 una importante infraestructura ciclista y, m\u00e1s importante a\u00fan, se crearon nuevos kil\u00f3metros de ciclov\u00edas. [&hellip;]<\/p>\n","protected":false},"author":3,"featured_media":12515,"comment_status":"open","ping_status":"open","sticky":false,"template":"","format":"standard","meta":{"footnotes":""},"categories":[45],"tags":[],"class_list":["post-12513","post","type-post","status-publish","format-standard","has-post-thumbnail","hentry","category-blog"],"yoast_head":"<!-- This site is optimized with the Yoast SEO Premium plugin v22.3 (Yoast SEO v23.0) - https:\/\/yoast.com\/wordpress\/plugins\/seo\/ -->\n<title>Ciclopistas en Puebla terminan el sexenio con 30 km nuevos - lapistaciclabili.it<\/title>\n<meta name=\"description\" content=\"Las ciclopistas en Puebla tuvieron una expansi\u00f3n de 10 km durante la actual administraci\u00f3n. Te contamos otros logros ciclistas que hubieron\" \/>\n<meta name=\"robots\" content=\"index, follow, max-snippet:-1, max-image-preview:large, max-video-preview:-1\" \/>\n<link rel=\"canonical\" href=\"https:\/\/lapistaciclabili.it\/es\/blog\/ciclopistas-en-puebla-terminan-el-sexenio-con-30-km-nuevos\/\" \/>\n<meta property=\"og:locale\" content=\"es_ES\" \/>\n<meta property=\"og:type\" content=\"article\" \/>\n<meta property=\"og:title\" content=\"Ciclopistas en Puebla terminan el sexenio con 30 km nuevos\" \/>\n<meta property=\"og:description\" content=\"Las ciclopistas en Puebla tuvieron una expansi\u00f3n de 10 km durante la actual administraci\u00f3n. Te contamos otros logros ciclistas que hubieron\" \/>\n<meta property=\"og:url\" content=\"https:\/\/lapistaciclabili.it\/blog\/ciclopistas-en-puebla-terminan-el-sexenio-con-30-km-nuevos\/\" \/>\n<meta property=\"og:site_name\" content=\"lapistaciclabili.it\" \/>\n<meta property=\"article:publisher\" content=\"https:\/\/www.facebook.com\/multisenal\/\" \/>\n<meta property=\"article:published_time\" content=\"2024-09-20T23:36:13+00:00\" \/>\n<meta property=\"article:modified_time\" content=\"2024-09-23T19:24:17+00:00\" \/>\n<meta property=\"og:image\" content=\"https:\/\/lapistaciclabili.it\/wp-content\/uploads\/2024\/09\/ciclopistas-en-puebla-Manati.webp\" \/>\n\t<meta property=\"og:image:width\" content=\"1800\" \/>\n\t<meta property=\"og:image:height\" content=\"1600\" \/>\n\t<meta property=\"og:image:type\" content=\"image\/webp\" \/>\n<meta name=\"author\" content=\"Israel Yerena\" \/>\n<meta name=\"twitter:card\" content=\"summary_large_image\" \/>\n<meta name=\"twitter:creator\" content=\"@multisenal\" \/>\n<meta name=\"twitter:site\" content=\"@multisenal\" \/>\n<meta name=\"twitter:label1\" content=\"Escrito por\" \/>\n\t<meta name=\"twitter:data1\" content=\"Israel Yerena\" \/>\n\t<meta name=\"twitter:label2\" content=\"Tiempo de lectura\" \/>\n\t<meta name=\"twitter:data2\" content=\"2 minutos\" \/>\n<script type=\"application\/ld+json\" class=\"yoast-schema-graph\">{\"@context\":\"https:\/\/schema.org\",\"@graph\":[{\"@type\":\"Article\",\"@id\":\"https:\/\/lapistaciclabili.it\/blog\/ciclopistas-en-puebla-terminan-el-sexenio-con-30-km-nuevos\/#article\",\"isPartOf\":{\"@id\":\"https:\/\/lapistaciclabili.it\/blog\/ciclopistas-en-puebla-terminan-el-sexenio-con-30-km-nuevos\/\"},\"author\":{\"name\":\"Israel Yerena\",\"@id\":\"https:\/\/lapistaciclabili.it\/#\/schema\/person\/5640346049504e12f9d2f0978481f526\"},\"headline\":\"Ciclopistas en Puebla terminan el sexenio con 30 km nuevos\",\"datePublished\":\"2024-09-20T23:36:13+00:00\",\"dateModified\":\"2024-09-23T19:24:17+00:00\",\"mainEntityOfPage\":{\"@id\":\"https:\/\/lapistaciclabili.it\/blog\/ciclopistas-en-puebla-terminan-el-sexenio-con-30-km-nuevos\/\"},\"wordCount\":395,\"commentCount\":0,\"publisher\":{\"@id\":\"https:\/\/lapistaciclabili.it\/#organization\"},\"image\":{\"@id\":\"https:\/\/lapistaciclabili.it\/blog\/ciclopistas-en-puebla-terminan-el-sexenio-con-30-km-nuevos\/#primaryimage\"},\"thumbnailUrl\":\"https:\/\/lapistaciclabili.it\/wp-content\/uploads\/2024\/09\/ciclopistas-en-puebla-Manati.webp\",\"articleSection\":[\"Blog\"],\"inLanguage\":\"es\",\"potentialAction\":[{\"@type\":\"CommentAction\",\"name\":\"Comment\",\"target\":[\"https:\/\/lapistaciclabili.it\/blog\/ciclopistas-en-puebla-terminan-el-sexenio-con-30-km-nuevos\/#respond\"]}]},{\"@type\":\"WebPage\",\"@id\":\"https:\/\/lapistaciclabili.it\/blog\/ciclopistas-en-puebla-terminan-el-sexenio-con-30-km-nuevos\/\",\"url\":\"https:\/\/lapistaciclabili.it\/blog\/ciclopistas-en-puebla-terminan-el-sexenio-con-30-km-nuevos\/\",\"name\":\"Ciclopistas en Puebla terminan el sexenio con 30 km nuevos - lapistaciclabili.it\",\"isPartOf\":{\"@id\":\"https:\/\/lapistaciclabili.it\/#website\"},\"primaryImageOfPage\":{\"@id\":\"https:\/\/lapistaciclabili.it\/blog\/ciclopistas-en-puebla-terminan-el-sexenio-con-30-km-nuevos\/#primaryimage\"},\"image\":{\"@id\":\"https:\/\/lapistaciclabili.it\/blog\/ciclopistas-en-puebla-terminan-el-sexenio-con-30-km-nuevos\/#primaryimage\"},\"thumbnailUrl\":\"https:\/\/lapistaciclabili.it\/wp-content\/uploads\/2024\/09\/ciclopistas-en-puebla-Manati.webp\",\"datePublished\":\"2024-09-20T23:36:13+00:00\",\"dateModified\":\"2024-09-23T19:24:17+00:00\",\"description\":\"Las ciclopistas en Puebla tuvieron una expansi\u00f3n de 10 km durante la actual administraci\u00f3n. Te contamos otros logros ciclistas que hubieron\",\"breadcrumb\":{\"@id\":\"https:\/\/lapistaciclabili.it\/blog\/ciclopistas-en-puebla-terminan-el-sexenio-con-30-km-nuevos\/#breadcrumb\"},\"inLanguage\":\"es\",\"potentialAction\":[{\"@type\":\"ReadAction\",\"target\":[\"https:\/\/lapistaciclabili.it\/blog\/ciclopistas-en-puebla-terminan-el-sexenio-con-30-km-nuevos\/\"]}]},{\"@type\":\"ImageObject\",\"inLanguage\":\"es\",\"@id\":\"https:\/\/lapistaciclabili.it\/blog\/ciclopistas-en-puebla-terminan-el-sexenio-con-30-km-nuevos\/#primaryimage\",\"url\":\"https:\/\/lapistaciclabili.it\/wp-content\/uploads\/2024\/09\/ciclopistas-en-puebla-Manati.webp\",\"contentUrl\":\"https:\/\/lapistaciclabili.it\/wp-content\/uploads\/2024\/09\/ciclopistas-en-puebla-Manati.webp\",\"width\":1800,\"height\":1600,\"caption\":\"ciclopistas en puebla Manati\"},{\"@type\":\"BreadcrumbList\",\"@id\":\"https:\/\/lapistaciclabili.it\/blog\/ciclopistas-en-puebla-terminan-el-sexenio-con-30-km-nuevos\/#breadcrumb\",\"itemListElement\":[{\"@type\":\"ListItem\",\"position\":1,\"name\":\"Inicio\",\"item\":\"https:\/\/lapistaciclabili.it\/\"},{\"@type\":\"ListItem\",\"position\":2,\"name\":\"Ciclopistas en Puebla terminan el sexenio con 30 km nuevos\"}]},{\"@type\":\"WebSite\",\"@id\":\"https:\/\/lapistaciclabili.it\/#website\",\"url\":\"https:\/\/lapistaciclabili.it\/\",\"name\":\"lapistaciclabili.it\",\"description\":\"\",\"publisher\":{\"@id\":\"https:\/\/lapistaciclabili.it\/#organization\"},\"potentialAction\":[{\"@type\":\"SearchAction\",\"target\":{\"@type\":\"EntryPoint\",\"urlTemplate\":\"https:\/\/lapistaciclabili.it\/?s={search_term_string}\"},\"query-input\":\"required name=search_term_string\"}],\"inLanguage\":\"es\"},{\"@type\":\"Organization\",\"@id\":\"https:\/\/lapistaciclabili.it\/#organization\",\"name\":\"lapistaciclabili.it\",\"url\":\"https:\/\/lapistaciclabili.it\/\",\"logo\":{\"@type\":\"ImageObject\",\"inLanguage\":\"es\",\"@id\":\"https:\/\/lapistaciclabili.it\/#\/schema\/logo\/image\/\",\"url\":\"https:\/\/lapistaciclabili.it\/wp-content\/uploads\/2024\/06\/lapistaciclabili.it_-1.png\",\"contentUrl\":\"https:\/\/lapistaciclabili.it\/wp-content\/uploads\/2024\/06\/lapistaciclabili.it_-1.png\",\"width\":768,\"height\":220,\"caption\":\"lapistaciclabili.it\"},\"image\":{\"@id\":\"https:\/\/lapistaciclabili.it\/#\/schema\/logo\/image\/\"},\"sameAs\":[\"https:\/\/www.facebook.com\/multisenal\/\",\"https:\/\/x.com\/multisenal\",\"https:\/\/www.instagram.com\/multisenalmx\/\",\"https:\/\/www.linkedin.com\/company\/multisenalmexico\/\",\"https:\/\/www.youtube.com\/@multisenaloficial\"]},{\"@type\":\"Person\",\"@id\":\"https:\/\/lapistaciclabili.it\/#\/schema\/person\/5640346049504e12f9d2f0978481f526\",\"name\":\"Israel Yerena\",\"image\":{\"@type\":\"ImageObject\",\"inLanguage\":\"es\",\"@id\":\"https:\/\/lapistaciclabili.it\/#\/schema\/person\/image\/\",\"url\":\"https:\/\/secure.gravatar.com\/avatar\/6123a9a6c00993aa1894d888a3038e080711d0144cd7e134f1e7c61f30bd670d?s=96&d=mm&r=g\",\"contentUrl\":\"https:\/\/secure.gravatar.com\/avatar\/6123a9a6c00993aa1894d888a3038e080711d0144cd7e134f1e7c61f30bd670d?s=96&d=mm&r=g\",\"caption\":\"Israel Yerena\"},\"url\":\"https:\/\/lapistaciclabili.it\/es\/author\/israel-ms\/\"}]}<\/script>\n<!-- \/ Yoast SEO Premium plugin. -->","yoast_head_json":{"title":"Ciclopistas en Puebla terminan el sexenio con 30 km nuevos - lapistaciclabili.it","description":"Las ciclopistas en Puebla tuvieron una expansi\u00f3n de 10 km durante la actual administraci\u00f3n. Te contamos otros logros ciclistas que hubieron","robots":{"index":"index","follow":"follow","max-snippet":"max-snippet:-1","max-image-preview":"max-image-preview:large","max-video-preview":"max-video-preview:-1"},"canonical":"https:\/\/lapistaciclabili.it\/es\/blog\/ciclopistas-en-puebla-terminan-el-sexenio-con-30-km-nuevos\/","og_locale":"es_ES","og_type":"article","og_title":"Ciclopistas en Puebla terminan el sexenio con 30 km nuevos","og_description":"Las ciclopistas en Puebla tuvieron una expansi\u00f3n de 10 km durante la actual administraci\u00f3n. Te contamos otros logros ciclistas que hubieron","og_url":"https:\/\/lapistaciclabili.it\/blog\/ciclopistas-en-puebla-terminan-el-sexenio-con-30-km-nuevos\/","og_site_name":"lapistaciclabili.it","article_publisher":"https:\/\/www.facebook.com\/multisenal\/","article_published_time":"2024-09-20T23:36:13+00:00","article_modified_time":"2024-09-23T19:24:17+00:00","og_image":[{"width":1800,"height":1600,"url":"https:\/\/lapistaciclabili.it\/wp-content\/uploads\/2024\/09\/ciclopistas-en-puebla-Manati.webp","type":"image\/webp"}],"author":"Israel Yerena","twitter_card":"summary_large_image","twitter_creator":"@multisenal","twitter_site":"@multisenal","twitter_misc":{"Escrito por":"Israel Yerena","Tiempo de lectura":"2 minutos"},"schema":{"@context":"https:\/\/schema.org","@graph":[{"@type":"Article","@id":"https:\/\/lapistaciclabili.it\/blog\/ciclopistas-en-puebla-terminan-el-sexenio-con-30-km-nuevos\/#article","isPartOf":{"@id":"https:\/\/lapistaciclabili.it\/blog\/ciclopistas-en-puebla-terminan-el-sexenio-con-30-km-nuevos\/"},"author":{"name":"Israel Yerena","@id":"https:\/\/lapistaciclabili.it\/#\/schema\/person\/5640346049504e12f9d2f0978481f526"},"headline":"Ciclopistas en Puebla terminan el sexenio con 30 km nuevos","datePublished":"2024-09-20T23:36:13+00:00","dateModified":"2024-09-23T19:24:17+00:00","mainEntityOfPage":{"@id":"https:\/\/lapistaciclabili.it\/blog\/ciclopistas-en-puebla-terminan-el-sexenio-con-30-km-nuevos\/"},"wordCount":395,"commentCount":0,"publisher":{"@id":"https:\/\/lapistaciclabili.it\/#organization"},"image":{"@id":"https:\/\/lapistaciclabili.it\/blog\/ciclopistas-en-puebla-terminan-el-sexenio-con-30-km-nuevos\/#primaryimage"},"thumbnailUrl":"https:\/\/lapistaciclabili.it\/wp-content\/uploads\/2024\/09\/ciclopistas-en-puebla-Manati.webp","articleSection":["Blog"],"inLanguage":"es","potentialAction":[{"@type":"CommentAction","name":"Comment","target":["https:\/\/lapistaciclabili.it\/blog\/ciclopistas-en-puebla-terminan-el-sexenio-con-30-km-nuevos\/#respond"]}]},{"@type":"WebPage","@id":"https:\/\/lapistaciclabili.it\/blog\/ciclopistas-en-puebla-terminan-el-sexenio-con-30-km-nuevos\/","url":"https:\/\/lapistaciclabili.it\/blog\/ciclopistas-en-puebla-terminan-el-sexenio-con-30-km-nuevos\/","name":"Ciclopistas en Puebla terminan el sexenio con 30 km nuevos - lapistaciclabili.it","isPartOf":{"@id":"https:\/\/lapistaciclabili.it\/#website"},"primaryImageOfPage":{"@id":"https:\/\/lapistaciclabili.it\/blog\/ciclopistas-en-puebla-terminan-el-sexenio-con-30-km-nuevos\/#primaryimage"},"image":{"@id":"https:\/\/lapistaciclabili.it\/blog\/ciclopistas-en-puebla-terminan-el-sexenio-con-30-km-nuevos\/#primaryimage"},"thumbnailUrl":"https:\/\/lapistaciclabili.it\/wp-content\/uploads\/2024\/09\/ciclopistas-en-puebla-Manati.webp","datePublished":"2024-09-20T23:36:13+00:00","dateModified":"2024-09-23T19:24:17+00:00","description":"Las ciclopistas en Puebla tuvieron una expansi\u00f3n de 10 km durante la actual administraci\u00f3n. Te contamos otros logros ciclistas que hubieron","breadcrumb":{"@id":"https:\/\/lapistaciclabili.it\/blog\/ciclopistas-en-puebla-terminan-el-sexenio-con-30-km-nuevos\/#breadcrumb"},"inLanguage":"es","potentialAction":[{"@type":"ReadAction","target":["https:\/\/lapistaciclabili.it\/blog\/ciclopistas-en-puebla-terminan-el-sexenio-con-30-km-nuevos\/"]}]},{"@type":"ImageObject","inLanguage":"es","@id":"https:\/\/lapistaciclabili.it\/blog\/ciclopistas-en-puebla-terminan-el-sexenio-con-30-km-nuevos\/#primaryimage","url":"https:\/\/lapistaciclabili.it\/wp-content\/uploads\/2024\/09\/ciclopistas-en-puebla-Manati.webp","contentUrl":"https:\/\/lapistaciclabili.it\/wp-content\/uploads\/2024\/09\/ciclopistas-en-puebla-Manati.webp","width":1800,"height":1600,"caption":"ciclopistas en puebla Manati"},{"@type":"BreadcrumbList","@id":"https:\/\/lapistaciclabili.it\/blog\/ciclopistas-en-puebla-terminan-el-sexenio-con-30-km-nuevos\/#breadcrumb","itemListElement":[{"@type":"ListItem","position":1,"name":"Inicio","item":"https:\/\/lapistaciclabili.it\/"},{"@type":"ListItem","position":2,"name":"Ciclopistas en Puebla terminan el sexenio con 30 km nuevos"}]},{"@type":"WebSite","@id":"https:\/\/lapistaciclabili.it\/#website","url":"https:\/\/lapistaciclabili.it\/","name":"lapistaciclabili.it","description":"","publisher":{"@id":"https:\/\/lapistaciclabili.it\/#organization"},"potentialAction":[{"@type":"SearchAction","target":{"@type":"EntryPoint","urlTemplate":"https:\/\/lapistaciclabili.it\/?s={search_term_string}"},"query-input":"required name=search_term_string"}],"inLanguage":"es"},{"@type":"Organization","@id":"https:\/\/lapistaciclabili.it\/#organization","name":"lapistaciclabili.it","url":"https:\/\/lapistaciclabili.it\/","logo":{"@type":"ImageObject","inLanguage":"es","@id":"https:\/\/lapistaciclabili.it\/#\/schema\/logo\/image\/","url":"https:\/\/lapistaciclabili.it\/wp-content\/uploads\/2024\/06\/lapistaciclabili.it_-1.png","contentUrl":"https:\/\/lapistaciclabili.it\/wp-content\/uploads\/2024\/06\/lapistaciclabili.it_-1.png","width":768,"height":220,"caption":"lapistaciclabili.it"},"image":{"@id":"https:\/\/lapistaciclabili.it\/#\/schema\/logo\/image\/"},"sameAs":["https:\/\/www.facebook.com\/multisenal\/","https:\/\/x.com\/multisenal","https:\/\/www.instagram.com\/multisenalmx\/","https:\/\/www.linkedin.com\/company\/multisenalmexico\/","https:\/\/www.youtube.com\/@multisenaloficial"]},{"@type":"Person","@id":"https:\/\/lapistaciclabili.it\/#\/schema\/person\/5640346049504e12f9d2f0978481f526","name":"Israel Yerena","image":{"@type":"ImageObject","inLanguage":"es","@id":"https:\/\/lapistaciclabili.it\/#\/schema\/person\/image\/","url":"https:\/\/secure.gravatar.com\/avatar\/6123a9a6c00993aa1894d888a3038e080711d0144cd7e134f1e7c61f30bd670d?s=96&d=mm&r=g","contentUrl":"https:\/\/secure.gravatar.com\/avatar\/6123a9a6c00993aa1894d888a3038e080711d0144cd7e134f1e7c61f30bd670d?s=96&d=mm&r=g","caption":"Israel Yerena"},"url":"https:\/\/lapistaciclabili.it\/es\/author\/israel-ms\/"}]}},"_links":{"self":[{"href":"https:\/\/lapistaciclabili.it\/es\/wp-json\/wp\/v2\/posts\/12513","targetHints":{"allow":["GET"]}}],"collection":[{"href":"https:\/\/lapistaciclabili.it\/es\/wp-json\/wp\/v2\/posts"}],"about":[{"href":"https:\/\/lapistaciclabili.it\/es\/wp-json\/wp\/v2\/types\/post"}],"author":[{"embeddable":true,"href":"https:\/\/lapistaciclabili.it\/es\/wp-json\/wp\/v2\/users\/3"}],"replies":[{"embeddable":true,"href":"https:\/\/lapistaciclabili.it\/es\/wp-json\/wp\/v2\/comments?post=12513"}],"version-history":[{"count":2,"href":"https:\/\/lapistaciclabili.it\/es\/wp-json\/wp\/v2\/posts\/12513\/revisions"}],"predecessor-version":[{"id":12539,"href":"https:\/\/lapistaciclabili.it\/es\/wp-json\/wp\/v2\/posts\/12513\/revisions\/12539"}],"wp:featuredmedia":[{"embeddable":true,"href":"https:\/\/lapistaciclabili.it\/es\/wp-json\/wp\/v2\/media\/12515"}],"wp:attachment":[{"href":"https:\/\/lapistaciclabili.it\/es\/wp-json\/wp\/v2\/media?parent=12513"}],"wp:term":[{"taxonomy":"category","embeddable":true,"href":"https:\/\/lapistaciclabili.it\/es\/wp-json\/wp\/v2\/categories?post=12513"},{"taxonomy":"post_tag","embeddable":true,"href":"https:\/\/lapistaciclabili.it\/es\/wp-json\/wp\/v2\/tags?post=12513"}],"curies":[{"name":"wp","href":"https:\/\/api.w.org\/{rel}","templated":true}]}}